{"id":813,"date":"2014-02-17T16:03:09","date_gmt":"2014-02-17T15:03:09","guid":{"rendered":"http:\/\/wordpress.heimatbund-garching.de\/?p=813"},"modified":"2019-05-29T16:09:07","modified_gmt":"2019-05-29T14:09:07","slug":"ehrenbuerger-der-gemeinde-jetzt-im-rathaus-praesent","status":"publish","type":"post","link":"https:\/\/www.heimatbund-garching.de\/?p=813","title":{"rendered":"Ehrenb\u00fcrger der Gemeinde jetzt im Rathaus pr\u00e4sent"},"content":{"rendered":"\n<figure class=\"wp-block-image\"><img fetchpriority=\"high\" decoding=\"async\" width=\"609\" height=\"299\" src=\"http:\/\/wordpress.heimatbund-garching.de\/wp-content\/uploads\/2019\/05\/Bildschirmfoto_2014-02-17_um_11.36.56.png\" alt=\"\" class=\"wp-image-814\" srcset=\"https:\/\/www.heimatbund-garching.de\/wp-content\/uploads\/2019\/05\/Bildschirmfoto_2014-02-17_um_11.36.56.png 609w, https:\/\/www.heimatbund-garching.de\/wp-content\/uploads\/2019\/05\/Bildschirmfoto_2014-02-17_um_11.36.56-300x147.png 300w\" sizes=\"(max-width: 609px) 100vw, 609px\" \/><figcaption>Sie gaben den Ehrenb\u00fcrgern einen Platz im Rathaus (v. li.) Peter Wolfmeier u. Alfred Maurer vom Heimatbund, B\u00fcrgermeister Wolfgang Reichenwallner u. Kulturrefernt Dr. Klaus Winter<\/figcaption><\/figure>\n\n\n\n<ul class=\"wp-block-gallery columns-3 is-cropped wp-block-gallery-1 is-layout-flex wp-block-gallery-is-layout-flex\"><li class=\"blocks-gallery-item\"><figure><img decoding=\"async\" width=\"618\" height=\"860\" src=\"http:\/\/wordpress.heimatbund-garching.de\/wp-content\/uploads\/2019\/05\/fuessl.jpg\" alt=\"\" data-id=\"815\" data-link=\"http:\/\/wordpress.heimatbund-garching.de\/?attachment_id=815\" class=\"wp-image-815\" srcset=\"https:\/\/www.heimatbund-garching.de\/wp-content\/uploads\/2019\/05\/fuessl.jpg 618w, https:\/\/www.heimatbund-garching.de\/wp-content\/uploads\/2019\/05\/fuessl-216x300.jpg 216w\" sizes=\"(max-width: 618px) 100vw, 618px\" \/><figcaption>Ludwig F\u00fcssl (25.8.1825 \u2013 12.4.1901), ernannt 1893, Pfarrer von Garching<\/figcaption><\/figure><\/li><li class=\"blocks-gallery-item\"><figure><img decoding=\"async\" width=\"200\" height=\"277\" src=\"http:\/\/wordpress.heimatbund-garching.de\/wp-content\/uploads\/2019\/05\/goebl.jpg\" alt=\"\" data-id=\"816\" data-link=\"http:\/\/wordpress.heimatbund-garching.de\/?attachment_id=816\" class=\"wp-image-816\"\/><figcaption>Dr. Petrus G\u00f6bl (24.5.1851 \u2013 15.2.1916) ernannt 1911, Weihbischof von Augsburg<\/figcaption><\/figure><\/li><li class=\"blocks-gallery-item\"><figure><img loading=\"lazy\" decoding=\"async\" width=\"200\" height=\"278\" src=\"http:\/\/wordpress.heimatbund-garching.de\/wp-content\/uploads\/2019\/05\/sixt.jpg\" alt=\"\" data-id=\"817\" data-link=\"http:\/\/wordpress.heimatbund-garching.de\/?attachment_id=817\" class=\"wp-image-817\"\/><figcaption>Franz Xaver Sixt (23.8.1866 \u2013 3.8.1921) ernannt 1915, Pfarrer von Mauerberg<\/figcaption><\/figure><\/li><li class=\"blocks-gallery-item\"><figure><img loading=\"lazy\" decoding=\"async\" width=\"332\" height=\"456\" src=\"http:\/\/wordpress.heimatbund-garching.de\/wp-content\/uploads\/2019\/05\/Caro_01.png\" alt=\"\" data-id=\"818\" data-link=\"http:\/\/wordpress.heimatbund-garching.de\/?attachment_id=818\" class=\"wp-image-818\" srcset=\"https:\/\/www.heimatbund-garching.de\/wp-content\/uploads\/2019\/05\/Caro_01.png 332w, https:\/\/www.heimatbund-garching.de\/wp-content\/uploads\/2019\/05\/Caro_01-218x300.png 218w\" sizes=\"(max-width: 332px) 100vw, 332px\" \/><figcaption>Prof. Dr. Nicodem Caro (23.5.1871 \u2013 27.6.1935) ernannt 1928, Geheimer Regierungsrat<\/figcaption><\/figure><\/li><li class=\"blocks-gallery-item\"><figure><img loading=\"lazy\" decoding=\"async\" width=\"200\" height=\"278\" src=\"http:\/\/wordpress.heimatbund-garching.de\/wp-content\/uploads\/2019\/05\/janisch.jpg\" alt=\"\" data-id=\"819\" data-link=\"http:\/\/wordpress.heimatbund-garching.de\/?attachment_id=819\" class=\"wp-image-819\"\/><figcaption>Karl Janisch (6.11.1870 \u2013 29.5.1946) ernannt 1928, K\u00f6niglicher Baurat <\/figcaption><\/figure><\/li><li class=\"blocks-gallery-item\"><figure><img loading=\"lazy\" decoding=\"async\" width=\"333\" height=\"471\" src=\"http:\/\/wordpress.heimatbund-garching.de\/wp-content\/uploads\/2019\/05\/Dirscherl.png\" alt=\"\" data-id=\"820\" data-link=\"http:\/\/wordpress.heimatbund-garching.de\/?attachment_id=820\" class=\"wp-image-820\" srcset=\"https:\/\/www.heimatbund-garching.de\/wp-content\/uploads\/2019\/05\/Dirscherl.png 333w, https:\/\/www.heimatbund-garching.de\/wp-content\/uploads\/2019\/05\/Dirscherl-212x300.png 212w\" sizes=\"(max-width: 333px) 100vw, 333px\" \/><figcaption>Josef Dirscherl (25.5.1894 \u2013 2.5.1982) ernannt 1962, Oberlehrer<\/figcaption><\/figure><\/li><\/ul>\n\n\n\n<p>Bildertafel im Eingangsbereich des Verwaltungsgeb\u00e4udes aufgeh\u00e4ngt \u2013 Initiative des Heimatbunds<\/p>\n\n\n\n<p>Garching. Einen Ehrenplatz haben die Ehrenb\u00fcrger der Gemeinde im Rathaus: Wer das Geb\u00e4ude von der Nikolausstra\u00dfe her betritt, trifft im Eingangsbereich auf eine gro\u00dfe gerahmte Bildertafel mit den Portraits der sechs Ehrenb\u00fcrgern der Gemeinde: Ludwig F\u00fcssl, Dr. Petrus G\u00f6bl, Franz Xaver Sixt, Karl Janisch, Prof. Dr. Nicodem Caro und Josef Dirscherl.<br>Es sei das Anliegen des Heimatbunds, diese Ehrenb\u00fcrger nicht in Vergessenheit geraten zu lassen, sagte dessen Vorsitzender Peter Wolfmeier. Alfred Maurer vom Heimatbund hatte anhand von Dokumenten wie zum Beispiel Sitzungsprotokollen des Gemeinderats die Fakten zu den Ehrenb\u00fcrgern recherchiert, wof\u00fcr ihm der Dank von B\u00fcrgermeister Wolfgang Reichenwallner galt. Die Ehrenb\u00fcrger, die in Garching nicht allgegenw\u00e4rtig seien, erhielten nun einen w\u00fcrdigen Platz im Rathaus, so Reichenwallner.<br>Die Sitzungsprotokolle \u00fcber einen Zeitraum von 70 Jahren habe er eingesehen und Wesentliches daraus nun f\u00fcr das Gemeindearchiv dokumentiert, f\u00fcgte Maurer an, der anschlie\u00dfend in kurzen Abrissen \u00fcber die Ehrenb\u00fcrger berichtete. Dabei wurde auch deutlich, dass \u00fcber einige der Personen nur noch sehr wenige Fakten \u00fcberliefert sind. Auch in anderen Archiven wie beispielsweise dem Di\u00f6zesanarchiv sei er nicht weiter f\u00fcndig geworden, so Maurer. fb<\/p>\n\n\n\n<p>Ludwig F\u00fcssl war der erste Pfarrer von Garching nach der Trennung vom Pfarrbezirk Engelsberg und Erbauer der Nikolauskirche (1870-1872). Im Sitzungsprotokoll ist erw\u00e4hnt, dass Ludwig F\u00fcssl im Jahr 1893 seit 25 Jahren Pfarrer in der Gemeinde war und als Vorstand des Armenpflegschaftsrates &#8222;und allstets hilfsbereiter Verwaltungsvorstand des gro\u00dfen Pfarrkirchenstiftungsfonds Garching um die Gesammtgemeinde gro\u00dfe Verdienste erworben hat&#8220;. Eine Wochen nach diesem Beschluss wurden die 78 wahlberechtigten Gemeindeb\u00fcrger zu einer Gemeindeversammlung geladen, um \u00fcber den Beschluss des Gemeinderats zur Ernennung F\u00fcssls als Ehrenb\u00fcrger abzustimmen. Erschienen sind damals dem Protokoll zufolge 48 B\u00fcrger, die ausnahmslos f\u00fcr die Verleihung der Ehrenb\u00fcrgerw\u00fcrde votierten.<\/p>\n\n\n\n<p>Dr. Petrus G\u00f6bl stammte aus \u201eForsterer am Winklhart\u201c, Gemeinde Garching a. d. Alz und wurde 1911 zum Bischof ernannt. Diese Ernennung war der Grund f\u00fcr die Verleihung der Ehrenb\u00fcrgerw\u00fcrde.<\/p>\n\n\n\n<p>&#8222;Es sei dem Hochw. Herrn Pfarrer Franz Xa. Sixt von Mauerberg anl\u00e4\u00dflich seines 25j\u00e4hrigen Priesterjubil\u00e4ums das Ehrenb\u00fcrgerrecht zu verleihen&#8220;, ist zu dem Beschluss des Gemeinderats im Protokoll dokumentiert.<\/p>\n\n\n\n<p>&#8222;Caro geh\u00f6rte 1907 zu den Mitbegr\u00fcndern der ,Bayerischen Stickstoffwerke\u2018, die Trostberg als Standort w\u00e4hlten&#8220;, schreibt Fritz Demmel im Heimatbuch &#8222;Geschichte und G\u2019schichten aus der Gemeinde Garching a. d. Alz&#8220;. Zu den Werken geh\u00f6rte auch die Niederlassung in Hart. Durch den Bau der Kalkstickstoffwerke und der Werkssiedlung in Garching habe die Industrialisierung im Alztal Einzug gehalten. Aufgrund dieser Verdienste um das Wohl der Gemeinde wurde Caro zum Ehrenb\u00fcrger ernannt. Bemerkenswert dabei ist, dass das Ehrenb\u00fcrgerrecht ab 1. April 1928 verliehen wurde, sozusagen r\u00fcckwirkend, da der Beschluss dazu erst am 7. Januar 1929 erging.<\/p>\n\n\n\n<p>Janisch war Vorstandsmitglied der Bayerischen Kalkstickstoffwerke. Als Verdienst, dessentwegen Janisch zum Ehrenb\u00fcrger ernannt wurde, nennt Demmel &#8222;die Hebung der kulturellen Wohlfahrt&#8220;, worunter vor allem die kostenlose \u00dcberlassung des Schulhauses, die Erbauung des Leichenhauses und Erweiterung des Friedhofs in Untergarching zu verstehen seien.<\/p>\n\n\n\n<p>Die gro\u00dfen Verdienste um die Erforschung der Heimatgeschichte waren der Grund f\u00fcr die Ernennung Dirscherls zum Ehrenb\u00fcrger. Er war in der Gemeinde der Gr\u00fcnder des Heimatbunds und der Initiator des Heimatmuseums. &#8222;Besonders setzte sich Josef Dirscherl ein f\u00fcr die Arch\u00e4ologie und Denkmalpflege&#8220;, so Demmel. Er war der erste Heimatpfleger des Landkreises Alt\u00f6tting und machte sich auch als Buchautor und Maler einen Namen.<br><br>Lesen Sie mehr auf:<br>http:\/\/www.pnp.de\/region_und_lokal\/paid_content\/landkreis_altoetting\/garching\/1192991_Ehrenbuerger-der-Gemeinde-jetzt-im-Rathaus-praesent.html#plx1428816859<\/p>\n","protected":false},"excerpt":{"rendered":"<p>Bildertafel im Eingangsbereich des Verwaltungsgeb\u00e4udes aufgeh\u00e4ngt \u2013 Initiative des Heimatbunds Garching. Einen Ehrenplatz haben die Ehrenb\u00fcrger der Gemeinde im Rathaus: Wer das Geb\u00e4ude von der Nikolausstra\u00dfe her betritt, trifft im Eingangsbereich auf eine gro\u00dfe gerahmte Bildertafel mit den Portraits der sechs Ehrenb\u00fcrgern der Gemeinde: Ludwig F\u00fcssl, Dr. Petrus G\u00f6bl, Franz Xaver Sixt, Karl Janisch, Prof.&hellip;&nbsp;<a href=\"https:\/\/www.heimatbund-garching.de\/?p=813\" rel=\"bookmark\">Weiterlesen &raquo;<span class=\"screen-reader-text\">Ehrenb\u00fcrger der Gemeinde jetzt im Rathaus pr\u00e4sent<\/span><\/a><\/p>\n","protected":false},"author":1,"featured_media":814,"comment_status":"open","ping_status":"open","sticky":false,"template":"","format":"standard","meta":{"neve_meta_sidebar":"","neve_meta_container":"","neve_meta_enable_content_width":"","neve_meta_content_width":70,"neve_meta_title_alignment":"","neve_meta_author_avatar":"","neve_post_elements_order":"","neve_meta_disable_header":"","neve_meta_disable_footer":"","neve_meta_disable_title":"","_themeisle_gutenberg_block_has_review":false,"footnotes":""},"categories":[1],"tags":[],"class_list":["post-813","post","type-post","status-publish","format-standard","has-post-thumbnail","hentry","category-uncategorized"],"_links":{"self":[{"href":"https:\/\/www.heimatbund-garching.de\/index.php?rest_route=\/wp\/v2\/posts\/813","targetHints":{"allow":["GET"]}}],"collection":[{"href":"https:\/\/www.heimatbund-garching.de\/index.php?rest_route=\/wp\/v2\/posts"}],"about":[{"href":"https:\/\/www.heimatbund-garching.de\/index.php?rest_route=\/wp\/v2\/types\/post"}],"author":[{"embeddable":true,"href":"https:\/\/www.heimatbund-garching.de\/index.php?rest_route=\/wp\/v2\/users\/1"}],"replies":[{"embeddable":true,"href":"https:\/\/www.heimatbund-garching.de\/index.php?rest_route=%2Fwp%2Fv2%2Fcomments&post=813"}],"version-history":[{"count":1,"href":"https:\/\/www.heimatbund-garching.de\/index.php?rest_route=\/wp\/v2\/posts\/813\/revisions"}],"predecessor-version":[{"id":821,"href":"https:\/\/www.heimatbund-garching.de\/index.php?rest_route=\/wp\/v2\/posts\/813\/revisions\/821"}],"wp:featuredmedia":[{"embeddable":true,"href":"https:\/\/www.heimatbund-garching.de\/index.php?rest_route=\/wp\/v2\/media\/814"}],"wp:attachment":[{"href":"https:\/\/www.heimatbund-garching.de\/index.php?rest_route=%2Fwp%2Fv2%2Fmedia&parent=813"}],"wp:term":[{"taxonomy":"category","embeddable":true,"href":"https:\/\/www.heimatbund-garching.de\/index.php?rest_route=%2Fwp%2Fv2%2Fcategories&post=813"},{"taxonomy":"post_tag","embeddable":true,"href":"https:\/\/www.heimatbund-garching.de\/index.php?rest_route=%2Fwp%2Fv2%2Ftags&post=813"}],"curies":[{"name":"wp","href":"https:\/\/api.w.org\/{rel}","templated":true}]}}